{"id":10850,"date":"2026-09-04T14:01:19","date_gmt":"2026-09-04T14:01:19","guid":{"rendered":"https:\/\/torrentjove.com\/?p=10850"},"modified":"2026-09-04T14:03:25","modified_gmt":"2026-09-04T14:03:25","slug":"concurs-darts-visuals-traslapared-2026","status":"publish","type":"post","link":"https:\/\/torrentjove.com\/val\/concurs-darts-visuals-traslapared-2026\/","title":{"rendered":"CONCURS D&#8217;ARTS VISUALS TRASLAPARED 2026"},"content":{"rendered":"\n<p class=\"wp-block-paragraph\">Impulsem la creaci\u00f3 art\u00edstica jove i el di\u00e0leg amb la ciutadania.<\/p>\n\n\n\n<p class=\"wp-block-paragraph\">La Regidoria de Joventut de l&#8217;Ajuntament de Torrent obri la convocat\u00f2ria trasLaPared 2026 per a donar suport a la producci\u00f3 i exposici\u00f3 de projectes d&#8217;arts visuals contempor\u00e0nies.<\/p>\n\n\n\n<p class=\"wp-block-paragraph\">Si tens entre 18 i 35 anys, anima&#8217;t a participar!<\/p>\n\n\n\n<p class=\"has-ast-global-color-0-background-color has-background wp-block-paragraph\"><strong>OBJECTIUS<\/strong><\/p>\n\n\n\n<p class=\"wp-block-paragraph\">Busquem propostes d&#8217;arts visuals (fotografia, pintura, escultura, il\u00b7lustraci\u00f3, gravat, art t\u00e8xtil, videoart, instal\u00b7lacions, etc.) que s&#8217;adapten a les dimensions de la Sala L\u2019*Espai.<\/p>\n\n\n\n<p class=\"wp-block-paragraph\">S&#8217;establix una dotaci\u00f3 global bruta de 5.000 euros, per a un m\u00ednim de dos i un m\u00e0xim de cinc projectes seleccionats, en concepte de suport econ\u00f2mic en la producci\u00f3 del projecte art\u00edstic<\/p>\n\n\n\n<p class=\"wp-block-paragraph\">Cada projecte consta de dos parts obligat\u00f2ries:<\/p>\n\n\n\n<p class=\"wp-block-paragraph\"><strong>Obra expositiva<\/strong>: Mostra p\u00fablica amb una duraci\u00f3 d&#8217;entre 3 i 4 setmanes.<\/p>\n\n\n\n<p class=\"wp-block-paragraph\"><strong>Activitat complement\u00e0ria<\/strong>: Taller, trobada, xarrada, debat o confer\u00e8ncia que genere un di\u00e0leg actiu amb el p\u00fablic i aporte valor formatiu o social.<\/p>\n\n\n\n<p class=\"wp-block-paragraph\">Els projectes seleccionats seran objecte cada un d&#8217;ells d&#8217;una exposici\u00f3 organitzada per la delegaci\u00f3 de joventut, a la sala de L\u2019*Espai, formant part del per\u00edode d&#8217;exposicions compr\u00e9s entre desembre de 2026 i juny de 2027<\/p>\n\n\n\n<p class=\"has-ast-global-color-0-background-color has-background wp-block-paragraph\"><strong>REQUISITS DE PARTICIPACI\u00d3<\/strong><\/p>\n\n\n\n<p class=\"wp-block-paragraph\">Poden optar a la convocat\u00f2ria artistes a t\u00edtol individual o col\u00b7lectiu que complisquen amb els seg\u00fcents requisits:<\/p>\n\n\n\n<ol class=\"wp-block-list\">\n<li><strong>Edat<\/strong>: Tindre entre 18 i 35 anys (els dos inclosos).<\/li>\n\n\n\n<li><strong>Origen\/Resid\u00e8ncia<\/strong>: Haver nascut o residir en la Comunitat Valenciana (es requerir\u00e0 certificat d&#8217;empadronament si resultes seleccionat\/a).<\/li>\n\n\n\n<li><strong>L\u00edmit de sol\u00b7licituds<\/strong>: Un \u00fanic projecte per persona o col\u00b7lectiu.<\/li>\n<\/ol>\n\n\n\n<p class=\"has-ast-global-color-0-background-color has-background wp-block-paragraph\"><strong>COM PRESENTAR LA TEUA PROPOSTA<\/strong><\/p>\n\n\n\n<p class=\"wp-block-paragraph\">La sol\u00b7licitud es presentar\u00e0 per registre d&#8217;entrada de l&#8217;Ajuntament, presencial o telem\u00e0ticament (seu electr\u00f2nica). La pots entregar\/registrar tu o una persona que et represente.<br>(Nota: No es poden presentar en un mateix registre diverses sol\u00b7licituds.)<\/p>\n\n\n\n<ul class=\"wp-block-list\">\n<li><strong>SI HO PRESENTES PRESENCIALMENT EN EL REGISTRE D&#8217;ENTRADA DE L&#8217;AJUNTAMENT<\/strong> (Oficina de Ram\u00f3n y Cajal, 1). Pots demanar <strong><a href=\"http:\/\/citaprevia.torrent.es:8090\/cp\/#!\/newAppoinment\" data-type=\"link\" data-id=\"http:\/\/citaprevia.torrent.es:8090\/cp\/#!\/newAppoinment\">cita pr\u00e8via<\/a><\/strong>.<\/li>\n<\/ul>\n\n\n\n<p class=\"wp-block-paragraph\">Comunica a la persona que t&#8217;atenga en el registre d&#8217;entrada, que et presentes al concurs de microrelats de Joventut.<\/p>\n\n\n\n<p class=\"wp-block-paragraph\">Lliurament els documents necessaris:<\/p>\n\n\n\n<ol class=\"wp-block-list\">\n<li><strong><a href=\"https:\/\/torrentjove.com\/wp-content\/uploads\/2026\/09\/Fitxa-inscripcio-TRASLAPARED.pdf\" data-type=\"link\" data-id=\"https:\/\/torrentjove.com\/wp-content\/uploads\/2026\/09\/Fitxa-inscripcio-TRASLAPARED.pdf\">FITXA D&#8217;INSCRIPCI\u00d3 EMPLENADA<\/a><\/strong> (Descarrega-la primer i despr\u00e9s obri el PDF que s&#8217;ha descarregat perqu\u00e8 pugues guardar els canvis).<\/li>\n\n\n\n<li><strong><a href=\"https:\/\/torrentjove.com\/wp-content\/uploads\/2026\/09\/trasLaPared-2026-VAL.pdf\" data-type=\"link\" data-id=\"https:\/\/torrentjove.com\/wp-content\/uploads\/2026\/09\/trasLaPared-2026-VAL.pdf\">DOCUMENTACI\u00d3 NECESS\u00c0RIA<\/a><\/strong> &#8211; Consulta el punt 5<\/li>\n<\/ol>\n\n\n\n<hr class=\"wp-block-separator has-alpha-channel-opacity\"\/>\n\n\n\n<ul class=\"wp-block-list\">\n<li><strong>SI HO PRESENTES TELEM\u00c0TICAMENT PER SEU ELECTR\u00d2NICA<\/strong> (FA FALTA QUE TINGUES UN CERTIFICAT ELECTR\u00d2NIC O QUE UNA ALTRA PERSONA AMB CERTIFICAT ELECTR\u00d2NIC ET REPRESENTE):<\/li>\n<\/ul>\n\n\n\n<ul class=\"wp-block-list\">\n<li><a href=\"https:\/\/torrent.sedelectronica.es\/?x=3wEKIcrGK-LyQMTJ5XHU5Q\" data-type=\"link\" data-id=\"https:\/\/torrent.sedelectronica.es\/?x=3wEKIcrGK-LyQMTJ5XHU5Q\">Entra en \u201ccat\u00e0leg de tr\u00e0mits\u201d, el tr\u00e0mit \u201cajudes i subvencions\u201d, i entrar en \u201cpremis i concursos\u201d.<\/a><\/li>\n\n\n\n<li>Emplena el formulari amb les teues dades (si alg\u00fa entra com a representant teu amb el seu certificat electr\u00f2nic, recorda que marcar\u00e0 que \u00e9s representant i despr\u00e9s ha de posar les teues dades com a participant).<\/li>\n\n\n\n<li>Annexa els documents necessaris:<\/li>\n<\/ul>\n\n\n\n<ol class=\"wp-block-list\">\n<li><a href=\"https:\/\/torrentjove.com\/wp-content\/uploads\/2026\/09\/Fitxa-inscripcio-TRASLAPARED.pdf\" data-type=\"link\" data-id=\"https:\/\/torrentjove.com\/wp-content\/uploads\/2026\/09\/Fitxa-inscripcio-TRASLAPARED.pdf\"><strong>FITXA D&#8217;INSCRIPCI\u00d3 EMPLENADA.<\/strong><\/a><\/li>\n\n\n\n<li><a href=\"https:\/\/torrentjove.com\/wp-content\/uploads\/2026\/09\/trasLaPared-2026-VAL.pdf\" data-type=\"link\" data-id=\"https:\/\/torrentjove.com\/wp-content\/uploads\/2026\/09\/trasLaPared-2026-VAL.pdf\"><strong>DOCUMENTACI\u00d3 NECESS\u00c0RIA<\/strong><\/a> &#8211; Consulta el punt 5<\/li>\n<\/ol>\n\n\n\n<p class=\"has-ast-global-color-0-background-color has-background wp-block-paragraph\"><strong>EL TERMINI DE PRESENTACI\u00d3 ACABA EL 31 D&#8217;OCTUBRE<\/strong><\/p>\n\n\n\n<p class=\"has-ast-global-color-0-color has-text-color has-link-color wp-elements-1 wp-block-paragraph\">NO OBLIDES LLEGIR LES BASES . DESC\u00c0RREGA TOT EL QUE NECESSITES PER A PARTICIPAR. Si tens dubtes contacta amb el CIJ escrivint a <a href=\"mailto:juventud@torrent.es\">juventud@torrent.es<\/a><\/p>\n\n\n\n<p class=\"has-ast-global-color-0-color has-text-color has-link-color wp-elements-2 wp-block-paragraph\"><a href=\"https:\/\/torrentjove.com\/wp-content\/uploads\/2026\/09\/trasLaPared-2026-VAL.pdf\" data-type=\"link\" data-id=\"https:\/\/torrentjove.com\/wp-content\/uploads\/2026\/09\/trasLaPared-2026-VAL.pdf\"><strong>BASES<\/strong><\/a><\/p>\n\n\n\n<p class=\"has-ast-global-color-0-color has-text-color has-link-color wp-elements-3 wp-block-paragraph\"><a href=\"https:\/\/torrentjove.com\/wp-content\/uploads\/2026\/09\/Fitxa-inscripcio-TRASLAPARED.pdf\" data-type=\"link\" data-id=\"https:\/\/torrentjove.com\/wp-content\/uploads\/2026\/09\/Fitxa-inscripcio-TRASLAPARED.pdf\"><strong>FITXA INSCRIPCI\u00d3<\/strong><\/a><\/p>\n\n\n\n<p class=\"wp-block-paragraph\"><\/p>\n","protected":false},"excerpt":{"rendered":"<p>Impulsem la creaci\u00f3 art\u00edstica jove i el di\u00e0leg amb la ciutadania. La Regidoria de Joventut de l&#8217;Ajuntament de Torrent obri la convocat\u00f2ria trasLaPared 2026 per a donar suport a la producci\u00f3 i exposici\u00f3 de projectes d&#8217;arts visuals contempor\u00e0nies.<\/p>\n","protected":false},"author":2,"featured_media":10831,"comment_status":"closed","ping_status":"closed","sticky":false,"template":"","format":"standard","meta":{"site-sidebar-layout":"default","site-content-layout":"","ast-site-content-layout":"default","site-content-style":"default","site-sidebar-style":"default","ast-global-header-display":"","ast-banner-title-visibility":"","ast-main-header-display":"","ast-hfb-above-header-display":"","ast-hfb-below-header-display":"","ast-hfb-mobile-header-display":"","site-post-title":"","ast-breadcrumbs-content":"","ast-featured-img":"","footer-sml-layout":"","theme-transparent-header-meta":"","adv-header-id-meta":"","stick-header-meta":"","header-above-stick-meta":"","header-main-stick-meta":"","header-below-stick-meta":"","astra-migrate-meta-layouts":"set","ast-page-background-enabled":"default","ast-page-background-meta":{"desktop":{"background-color":"var(--ast-global-color-4)","background-image":"","background-repeat":"repeat","background-position":"center center","background-size":"auto","background-attachment":"scroll","background-type":"","background-media":"","overlay-type":"","overlay-color":"","overlay-opacity":"","overlay-gradient":""},"tablet":{"background-color":"","background-image":"","background-repeat":"repeat","background-position":"center center","background-size":"auto","background-attachment":"scroll","background-type":"","background-media":"","overlay-type":"","overlay-color":"","overlay-opacity":"","overlay-gradient":""},"mobile":{"background-color":"","background-image":"","background-repeat":"repeat","background-position":"center center","background-size":"auto","background-attachment":"scroll","background-type":"","background-media":"","overlay-type":"","overlay-color":"","overlay-opacity":"","overlay-gradient":""}},"ast-content-background-meta":{"desktop":{"background-color":"var(--ast-global-color-5)","background-image":"","background-repeat":"repeat","background-position":"center center","background-size":"auto","background-attachment":"scroll","background-type":"","background-media":"","overlay-type":"","overlay-color":"","overlay-opacity":"","overlay-gradient":""},"tablet":{"background-color":"var(--ast-global-color-5)","background-image":"","background-repeat":"repeat","background-position":"center center","background-size":"auto","background-attachment":"scroll","background-type":"","background-media":"","overlay-type":"","overlay-color":"","overlay-opacity":"","overlay-gradient":""},"mobile":{"background-color":"var(--ast-global-color-5)","background-image":"","background-repeat":"repeat","background-position":"center center","background-size":"auto","background-attachment":"scroll","background-type":"","background-media":"","overlay-type":"","overlay-color":"","overlay-opacity":"","overlay-gradient":""}},"footnotes":""},"categories":[33],"tags":[],"class_list":["post-10850","post","type-post","status-publish","format-standard","has-post-thumbnail","hentry","category-convocatories-events"],"_links":{"self":[{"href":"https:\/\/torrentjove.com\/val\/wp-json\/wp\/v2\/posts\/10850","targetHints":{"allow":["GET"]}}],"collection":[{"href":"https:\/\/torrentjove.com\/val\/wp-json\/wp\/v2\/posts"}],"about":[{"href":"https:\/\/torrentjove.com\/val\/wp-json\/wp\/v2\/types\/post"}],"author":[{"embeddable":true,"href":"https:\/\/torrentjove.com\/val\/wp-json\/wp\/v2\/users\/2"}],"replies":[{"embeddable":true,"href":"https:\/\/torrentjove.com\/val\/wp-json\/wp\/v2\/comments?post=10850"}],"version-history":[{"count":6,"href":"https:\/\/torrentjove.com\/val\/wp-json\/wp\/v2\/posts\/10850\/revisions"}],"predecessor-version":[{"id":10857,"href":"https:\/\/torrentjove.com\/val\/wp-json\/wp\/v2\/posts\/10850\/revisions\/10857"}],"wp:featuredmedia":[{"embeddable":true,"href":"https:\/\/torrentjove.com\/val\/wp-json\/wp\/v2\/media\/10831"}],"wp:attachment":[{"href":"https:\/\/torrentjove.com\/val\/wp-json\/wp\/v2\/media?parent=10850"}],"wp:term":[{"taxonomy":"category","embeddable":true,"href":"https:\/\/torrentjove.com\/val\/wp-json\/wp\/v2\/categories?post=10850"},{"taxonomy":"post_tag","embeddable":true,"href":"https:\/\/torrentjove.com\/val\/wp-json\/wp\/v2\/tags?post=10850"}],"curies":[{"name":"wp","href":"https:\/\/api.w.org\/{rel}","templated":true}]}}